{"id":131,"date":"2017-06-06T22:51:48","date_gmt":"2017-06-06T20:51:48","guid":{"rendered":"http:\/\/oasis.escaut.fr\/?p=131"},"modified":"2017-10-22T16:28:30","modified_gmt":"2017-10-22T14:28:30","slug":"atelier-butte-de-permaculture","status":"publish","type":"post","link":"https:\/\/oasis.escaut.fr\/?p=131","title":{"rendered":"Atelier\u00a0: Butte de Permaculture"},"content":{"rendered":"<p style=\"text-align: center;\">Cet atelier aura lieu, le\u00a0samedi 24 juin 2017 \u00e0 13h \u00e0 Honnecourt-sur-Escaut. (59266)<\/p>\n<div id=\"attachment_132\" style=\"width: 710px\" class=\"wp-caption aligncenter\"><a href=\"http:\/\/oasis.escaut.fr\/PDF\/OA_atelier_2017-06-24_butte.pdf\"><img data-recalc-dims=\"1\" loading=\"lazy\" decoding=\"async\" aria-describedby=\"caption-attachment-132\" data-attachment-id=\"132\" data-permalink=\"https:\/\/oasis.escaut.fr\/?attachment_id=132#main\" data-orig-file=\"https:\/\/i0.wp.com\/oasis.escaut.fr\/wp-content\/uploads\/2017\/06\/butte_culture_6.png?fit=700%2C468&amp;ssl=1\" data-orig-size=\"700,468\" data-comments-opened=\"1\" data-image-meta=\"{&quot;aperture&quot;:&quot;0&quot;,&quot;credit&quot;:&quot;&quot;,&quot;camera&quot;:&quot;&quot;,&quot;caption&quot;:&quot;&quot;,&quot;created_timestamp&quot;:&quot;0&quot;,&quot;copyright&quot;:&quot;&quot;,&quot;focal_length&quot;:&quot;0&quot;,&quot;iso&quot;:&quot;0&quot;,&quot;shutter_speed&quot;:&quot;0&quot;,&quot;title&quot;:&quot;&quot;,&quot;orientation&quot;:&quot;0&quot;}\" data-image-title=\"butte_culture_6\" data-image-description=\"\" data-image-caption=\"\" data-medium-file=\"https:\/\/i0.wp.com\/oasis.escaut.fr\/wp-content\/uploads\/2017\/06\/butte_culture_6.png?fit=300%2C201&amp;ssl=1\" data-large-file=\"https:\/\/i0.wp.com\/oasis.escaut.fr\/wp-content\/uploads\/2017\/06\/butte_culture_6.png?fit=700%2C468&amp;ssl=1\" class=\"wp-image-132 size-full\" src=\"https:\/\/i0.wp.com\/oasis.escaut.fr\/wp-content\/uploads\/2017\/06\/butte_culture_6.png?resize=700%2C468\" alt=\"Affiche\" width=\"700\" height=\"468\" srcset=\"https:\/\/i0.wp.com\/oasis.escaut.fr\/wp-content\/uploads\/2017\/06\/butte_culture_6.png?w=700&amp;ssl=1 700w, https:\/\/i0.wp.com\/oasis.escaut.fr\/wp-content\/uploads\/2017\/06\/butte_culture_6.png?resize=300%2C201&amp;ssl=1 300w\" sizes=\"auto, (max-width: 700px) 100vw, 700px\" \/><\/a><p id=\"caption-attachment-132\" class=\"wp-caption-text\">cliquer sur l&rsquo;image pour voir l&rsquo;affiche et nos contact<\/p><\/div>\n<p>&nbsp;<\/p>\n<p style=\"text-align: center;\"><strong>Les enfants sont les bienvenues.<\/strong><\/p>\n<p style=\"text-align: center;\"><em>Ils auront \u00e9galement des activit\u00e9s sp\u00e9cifiques.<\/em><\/p>\n<p style=\"text-align: center;\"><strong>Les parents sont les bienvenues.<\/strong><\/p>\n<p style=\"text-align: center;\"><i>Quelque-soit\u00a0<\/i><em>leur \u00e2ge.<\/em><\/p>\n<p>&nbsp;<\/p>\n<p style=\"text-align: left;\"><strong>Programme:<\/strong><br \/>\n\u2014 de 13h \u00e0 13h30 \u00a0 \u00a0 \u2192 \u00a0d\u00e9couverte du lieu<br \/>\n\u2014 de 13h30 \u00e0 14h30 \u2192 \u00a0Pourquoi ? (<em>th\u00e9orie<\/em>)<br \/>\n\u2014 de 14h30 \u00e0 16h \u00a0 \u00a0 \u2192 \u00a0Comment ? 1\/2 (<em>pratique<\/em>)<br \/>\n\u2014 de 16h \u00e0 16h30 \u00a0 \u00a0 \u2192 \u00a0go\u00fbter<br \/>\n\u2014 de 16h30 \u00e0 18h \u00a0 \u00a0 \u2192 \u00a0Comment ? 2\/2 (<em>pratique<\/em>)<br \/>\n\u2014 de 18h \u00e0 18h30 \u00a0 \u00a0 \u2192 \u00a0bilan<\/p>\n<p>&nbsp;<\/p>\n<p><strong>Informations compl\u00e9mentaire:<\/strong><\/p>\n<p>\u2014 Participation libre |\u00a0<a href=\"http:\/\/universite-du-nous.org\/a-propos-udn\/son-modele-economique\/\">consciente<\/a><\/p>\n<p>\u2014 Go\u00fbter inclus<\/p>\n<p>\u2014 Pensez \u00e0 ramenez :<\/p>\n<ul>\n<li>votre tenue de jardinage (chapeau, v\u00eatements, gants, chaussures\u2026)<\/li>\n<li>vos outils (si vous en avez) : b\u00eache; brouette\u2026<\/li>\n<li>votre gourde ou gobelet r\u00e9utilisable<\/li>\n<li>de quoi vous asseoir en ext\u00e9rieur (si vous le souhaitez)<\/li>\n<li>de quoi prendre des notes<\/li>\n<\/ul>\n<p>\u2014 Si vous le souhaitez, vous pouvez encha\u00eener la soir\u00e9e \u00e0 <a href=\"https:\/\/goo.gl\/maps\/6PMjQ3Ccqg32\">la ferme du\u00a0Quenet<\/a>\u00a0(\u00e0 10 minutes en voiture), ou se d\u00e9roulera <a href=\"https:\/\/www.facebook.com\/events\/249184422210593\/\">le festival de la fraise<\/a>. (cueillette, restauration &amp; concert)<\/p>\n<p>&nbsp;<\/p>\n<p style=\"text-align: center;\"><strong>Places limit\u00e9es<\/strong><br \/>\n<a href=\"mailto:oasis@escaut.fr?subject=Inscription Atelier Butte\"><strong>Pensez \u00e0 vous inscrire<\/strong><\/a><\/p>\n<p style=\"text-align: center;\"><span class=\"keep-me\">\u2015\u2015\u2015\u2015\u2015<\/span><\/p>\n<p style=\"text-align: center;\"><strong>\u2192 <a href=\"http:\/\/oasis.escaut.fr\/?cat=27\" target=\"_blank\" rel=\"noopener\">Retrouver les recettes de l\u2019atelier\u00a0!<\/a> \u2190<\/strong><\/p>\n","protected":false},"excerpt":{"rendered":"<p>Cet atelier aura lieu, le\u00a0samedi 24 juin 2017 \u00e0 13h \u00e0 Honnecourt-sur-Escaut. (59266) &nbsp; Les enfants sont les bienvenues. Ils auront \u00e9galement des activit\u00e9s sp\u00e9cifiques. Les parents sont les bienvenues. Quelque-soit\u00a0leur \u00e2ge. &nbsp; Programme: \u2014 de 13h \u00e0 13h30 \u00a0 \u00a0 \u2192 \u00a0d\u00e9couverte du lieu \u2014 de 13h30 \u00e0 14h30 \u2192 \u00a0Pourquoi ? (th\u00e9orie) \u2014 <a class=\"more-link\" href=\"https:\/\/oasis.escaut.fr\/?p=131\">afficher la suite&#8230;<\/a><\/p>\n","protected":false},"author":1,"featured_media":132,"comment_status":"open","ping_status":"open","sticky":false,"template":"","format":"standard","meta":{"jetpack_post_was_ever_published":false,"_jetpack_newsletter_access":"","_jetpack_dont_email_post_to_subs":false,"_jetpack_newsletter_tier_id":0,"_jetpack_memberships_contains_paywalled_content":false,"_jetpack_memberships_contains_paid_content":false,"footnotes":"","jetpack_publicize_message":"","jetpack_publicize_feature_enabled":true,"jetpack_social_post_already_shared":false,"jetpack_social_options":{"image_generator_settings":{"template":"highway","default_image_id":0,"font":"","enabled":false},"version":2}},"categories":[16],"tags":[18,22,20],"class_list":["post-131","post","type-post","status-publish","format-standard","has-post-thumbnail","hentry","category-atelier","tag-atelier","tag-butte","tag-permaculture"],"jetpack_publicize_connections":[],"jetpack_featured_media_url":"https:\/\/i0.wp.com\/oasis.escaut.fr\/wp-content\/uploads\/2017\/06\/butte_culture_6.png?fit=700%2C468&ssl=1","jetpack_sharing_enabled":true,"jetpack_shortlink":"https:\/\/wp.me\/p9CjDu-27","jetpack_likes_enabled":true,"jetpack-related-posts":[],"_links":{"self":[{"href":"https:\/\/oasis.escaut.fr\/index.php?rest_route=\/wp\/v2\/posts\/131","targetHints":{"allow":["GET"]}}],"collection":[{"href":"https:\/\/oasis.escaut.fr\/index.php?rest_route=\/wp\/v2\/posts"}],"about":[{"href":"https:\/\/oasis.escaut.fr\/index.php?rest_route=\/wp\/v2\/types\/post"}],"author":[{"embeddable":true,"href":"https:\/\/oasis.escaut.fr\/index.php?rest_route=\/wp\/v2\/users\/1"}],"replies":[{"embeddable":true,"href":"https:\/\/oasis.escaut.fr\/index.php?rest_route=%2Fwp%2Fv2%2Fcomments&post=131"}],"version-history":[{"count":30,"href":"https:\/\/oasis.escaut.fr\/index.php?rest_route=\/wp\/v2\/posts\/131\/revisions"}],"predecessor-version":[{"id":436,"href":"https:\/\/oasis.escaut.fr\/index.php?rest_route=\/wp\/v2\/posts\/131\/revisions\/436"}],"wp:featuredmedia":[{"embeddable":true,"href":"https:\/\/oasis.escaut.fr\/index.php?rest_route=\/wp\/v2\/media\/132"}],"wp:attachment":[{"href":"https:\/\/oasis.escaut.fr\/index.php?rest_route=%2Fwp%2Fv2%2Fmedia&parent=131"}],"wp:term":[{"taxonomy":"category","embeddable":true,"href":"https:\/\/oasis.escaut.fr\/index.php?rest_route=%2Fwp%2Fv2%2Fcategories&post=131"},{"taxonomy":"post_tag","embeddable":true,"href":"https:\/\/oasis.escaut.fr\/index.php?rest_route=%2Fwp%2Fv2%2Ftags&post=131"}],"curies":[{"name":"wp","href":"https:\/\/api.w.org\/{rel}","templated":true}]}}