{"id":504,"date":"2018-04-02T12:00:56","date_gmt":"2018-04-02T10:00:56","guid":{"rendered":"http:\/\/oasis.escaut.fr\/?p=504"},"modified":"2018-04-05T23:43:42","modified_gmt":"2018-04-05T21:43:42","slug":"atelier-gestion-durable-de-leau-ballade-decouverte","status":"publish","type":"post","link":"https:\/\/oasis.escaut.fr\/?p=504","title":{"rendered":"Atelier : Gestion Durable de l&rsquo;Eau (Ballade D\u00e9couverte)"},"content":{"rendered":"<p style=\"text-align: center;\"><a href=\"https:\/\/www.facebook.com\/events\/984214285080250\/\"><img data-recalc-dims=\"1\" loading=\"lazy\" decoding=\"async\" class=\"aligncenter size-large\" src=\"https:\/\/i0.wp.com\/www.festi-planete.fr\/media\/sorties_natures_gestion_durable_de_l_eau.jpg?resize=780%2C669&#038;ssl=1\" width=\"780\" height=\"669\" \/><\/a><\/p>\n<p style=\"text-align: center;\">Cet atelier aura lieu, le samedi 7 avril 2018 \u00e0 10h \u00e0 Douai. (59500)<\/p>\n<p style=\"text-align: center;\">Rendez-vous \u00e0 l&rsquo;entr\u00e9e du Parking R\u00e9publique. (rue des Chartreux)<\/p>\n<p style=\"text-align: center;\"><a href=\"mailto:oasis@escaut.fr?subject=Inscription Ballade Gestion Durable de l'Eau\"><strong>Pensez \u00e0 vous inscrire<\/strong><\/a><\/p>\n<p style=\"text-align: center; color: #00ff00;\"><span style=\"color: #00ff00;\"><a style=\"color: #00ff00;\" href=\"https:\/\/www.festi-planete.fr\/sorties-nature-et-decouverte-126\" target=\"_blank\" rel=\"noopener\"><strong>&gt; Retrouver ici, l&rsquo;int\u00e9gralit\u00e9 du programme du Festi PLAN\u00c8TE &lt;<\/strong><\/a><\/span><\/p>\n<p style=\"text-align: center;\"><span class=\"keep-me\">\u2015\u2015\u2015\u2015<\/span><\/p>\n<p style=\"text-align: left;\"><strong>Programme:<\/strong><br \/>\n\u2014 de 10h \u00e0 10h20 \u2192 pr\u00e9sentation historique de la gestion de l\u2019eau \u00e0 Douai<br \/>\n\u2014 de 10h20 \u00e0 11h30 \u2192 ballade d\u00e9couverte jusqu\u2019\u00e0 la place Carnot<br \/>\n\u2014 de 11h30 \u00e0 12h \u2192 retour &amp; bilan<\/p>\n<p><em>Voici quelques ouvrages que nous d\u00e9couvrirons \u00e0 Douai :<\/em><\/p>\n<ul>\n<li>Le parking R\u00e9publique avec enrob\u00e9 poreux<\/li>\n<li>Les voix de tram enherb\u00e9 (photo)<\/li>\n<li>Les chauss\u00e9es avec infiltration par drain<\/li>\n<li>La place Carnot, les arbres et l&rsquo;\u00e9vapo-transpiration<\/li>\n<\/ul>\n<p><strong>Informations compl\u00e9mentaire:<\/strong><\/p>\n<p>\u2014 Participation libre | <a href=\"http:\/\/universite-du-nous.org\/a-propos-udn\/son-modele-economique\/\">consciente<\/a><\/p>\n<p>\u2014 Pensez \u00e0 ramenez :<\/p>\n<ul>\n<li>votre tenue de balade (V\u00eatements adapt\u00e9 au temps du Nord\u2026)<\/li>\n<li>votre gourde ou gobelet r\u00e9utilisable<\/li>\n<li>de quoi prendre des notes (en se d\u00e9pla\u00e7ant)<\/li>\n<\/ul>\n<p>\u2014 \u2026<\/p>\n<p>&nbsp;<\/p>\n","protected":false},"excerpt":{"rendered":"<p>Cet atelier aura lieu, le samedi 7 avril 2018 \u00e0 10h \u00e0 Douai. (59500) Rendez-vous \u00e0 l&rsquo;entr\u00e9e du Parking R\u00e9publique. (rue des Chartreux) Pensez \u00e0 vous inscrire &gt; Retrouver ici, l&rsquo;int\u00e9gralit\u00e9 du programme du Festi PLAN\u00c8TE &lt; \u2015\u2015\u2015\u2015 Programme: \u2014 de 10h \u00e0 10h20 \u2192 pr\u00e9sentation historique de la gestion de l\u2019eau \u00e0 Douai \u2014 <a class=\"more-link\" href=\"https:\/\/oasis.escaut.fr\/?p=504\">afficher la suite&#8230;<\/a><\/p>\n","protected":false},"author":1,"featured_media":510,"comment_status":"open","ping_status":"open","sticky":false,"template":"","format":"standard","meta":{"jetpack_post_was_ever_published":false,"_jetpack_newsletter_access":"","_jetpack_dont_email_post_to_subs":false,"_jetpack_newsletter_tier_id":0,"_jetpack_memberships_contains_paywalled_content":false,"_jetpack_memberships_contains_paid_content":false,"footnotes":"","jetpack_publicize_message":"","jetpack_publicize_feature_enabled":true,"jetpack_social_post_already_shared":true,"jetpack_social_options":{"image_generator_settings":{"template":"highway","default_image_id":0,"font":"","enabled":false},"version":2}},"categories":[16],"tags":[41,61],"class_list":["post-504","post","type-post","status-publish","format-standard","has-post-thumbnail","hentry","category-atelier","tag-ballade","tag-gestion-durable-eau"],"jetpack_publicize_connections":[],"jetpack_featured_media_url":"https:\/\/i0.wp.com\/oasis.escaut.fr\/wp-content\/uploads\/2018\/03\/voie-tram.jpg?fit=453%2C298&ssl=1","jetpack_sharing_enabled":true,"jetpack_shortlink":"https:\/\/wp.me\/p9CjDu-88","jetpack_likes_enabled":true,"jetpack-related-posts":[],"_links":{"self":[{"href":"https:\/\/oasis.escaut.fr\/index.php?rest_route=\/wp\/v2\/posts\/504","targetHints":{"allow":["GET"]}}],"collection":[{"href":"https:\/\/oasis.escaut.fr\/index.php?rest_route=\/wp\/v2\/posts"}],"about":[{"href":"https:\/\/oasis.escaut.fr\/index.php?rest_route=\/wp\/v2\/types\/post"}],"author":[{"embeddable":true,"href":"https:\/\/oasis.escaut.fr\/index.php?rest_route=\/wp\/v2\/users\/1"}],"replies":[{"embeddable":true,"href":"https:\/\/oasis.escaut.fr\/index.php?rest_route=%2Fwp%2Fv2%2Fcomments&post=504"}],"version-history":[{"count":5,"href":"https:\/\/oasis.escaut.fr\/index.php?rest_route=\/wp\/v2\/posts\/504\/revisions"}],"predecessor-version":[{"id":511,"href":"https:\/\/oasis.escaut.fr\/index.php?rest_route=\/wp\/v2\/posts\/504\/revisions\/511"}],"wp:featuredmedia":[{"embeddable":true,"href":"https:\/\/oasis.escaut.fr\/index.php?rest_route=\/wp\/v2\/media\/510"}],"wp:attachment":[{"href":"https:\/\/oasis.escaut.fr\/index.php?rest_route=%2Fwp%2Fv2%2Fmedia&parent=504"}],"wp:term":[{"taxonomy":"category","embeddable":true,"href":"https:\/\/oasis.escaut.fr\/index.php?rest_route=%2Fwp%2Fv2%2Fcategories&post=504"},{"taxonomy":"post_tag","embeddable":true,"href":"https:\/\/oasis.escaut.fr\/index.php?rest_route=%2Fwp%2Fv2%2Ftags&post=504"}],"curies":[{"name":"wp","href":"https:\/\/api.w.org\/{rel}","templated":true}]}}